{"id":15349,"date":"2026-01-30T10:50:16","date_gmt":"2026-01-30T09:50:16","guid":{"rendered":"https:\/\/keszi.hu\/?p=15349"},"modified":"2026-01-30T10:52:05","modified_gmt":"2026-01-30T09:52:05","slug":"hajlektalanokat-ellato-szolgalat-falai-koze-is-bekoltozott-az-unnepi-keszulodes","status":"publish","type":"post","link":"http:\/\/keszi.hu\/index.php\/2026\/01\/30\/hajlektalanokat-ellato-szolgalat-falai-koze-is-bekoltozott-az-unnepi-keszulodes\/","title":{"rendered":"Hajl\u00e9ktalanokat Ell\u00e1t\u00f3 Szolg\u00e1lat falai k\u00f6z\u00e9 is bek\u00f6lt\u00f6z\u00f6tt az \u00fcnnepi k\u00e9sz\u00fcl\u0151d\u00e9s"},"content":{"rendered":"\t\t<div data-elementor-type=\"wp-post\" data-elementor-id=\"15349\" class=\"elementor elementor-15349\">\n\t\t\t\t<div class=\"elementor-element elementor-element-8a720ea e-flex e-con-boxed e-con e-parent\" data-id=\"8a720ea\" data-element_type=\"container\" data-e-type=\"container\">\n\t\t\t\t\t<div class=\"e-con-inner\">\n\t\t\t\t<div class=\"elementor-element elementor-element-f4cb8f4 elementor-widget elementor-widget-text-editor\" data-id=\"f4cb8f4\" data-element_type=\"widget\" data-e-type=\"widget\" data-widget_type=\"text-editor.default\">\n\t\t\t\t<div class=\"elementor-widget-container\">\n\t\t\t\t\t\t\t\t\t<p class=\"v1Alaprtelmezett\">Az idei adventi id\u0151szakban is kiemelt figyelmet ford\u00edtottunk arra, hogy a Hajl\u00e9ktalanokat Ell\u00e1t\u00f3 Szolg\u00e1lat falai k\u00f6z\u00e9 is bek\u00f6lt\u00f6zz\u00f6n az \u00fcnnepi k\u00e9sz\u00fcl\u0151d\u00e9s meghitts\u00e9ge. C\u00e9lunk az volt, hogy ell\u00e1tottaink sz\u00e1m\u00e1ra ne csak a t\u00e9li hideg elleni mened\u00e9ket, hanem a k\u00f6z\u00f6ss\u00e9g erej\u00e9t \u00e9s a kar\u00e1csony lelki b\u00e9k\u00e9j\u00e9t is biztos\u00edtsuk.<\/p><p class=\"v1Alaprtelmezett\">Az \u00fcnnepi r\u00e1hangol\u00f3d\u00e1s m\u00e1r a kar\u00e1csonyt megel\u0151z\u0151 hetekben elkezd\u0151d\u00f6tt. Az adventi vas\u00e1rnapokhoz kapcsol\u00f3d\u00f3an k\u00f6z\u00f6s gyertyagy\u00fajt\u00e1sokat szervezt\u00fcnk, ahol az \u00e9neksz\u00f3 \u00e9s a gyertyal\u00e1ng f\u00e9nye teremtett b\u00e9k\u00e9s hangulatot. Ezeket az alkalmakat m\u00e9lyebb, csoportos besz\u00e9lget\u00e9sek eg\u00e9sz\u00edtett\u00e9k ki; a r\u00e9sztvev\u0151k itt megoszthatt\u00e1k egym\u00e1ssal eml\u00e9keiket, \u00e9rz\u00e9seiket \u00e9s az \u00fcnnephez f\u0171z\u0151d\u0151 rem\u00e9nyeiket, ami seg\u00edtett az elszigetelts\u00e9g felold\u00e1s\u00e1ban.<\/p><p class=\"v1Alaprtelmezett\">Az \u00fcnneps\u00e9g k\u00f6zponti esem\u00e9nye egy gazdagon megter\u00edtett tead\u00e9lut\u00e1n volt. A helyis\u00e9get bet\u00f6lt\u00f6tte a g\u0151z\u00f6lg\u0151 tea \u00e9s a friss kal\u00e1cs illata. K\u00fcl\u00f6n\u00f6sen meghat\u00f3 sz\u00ednfoltja volt a d\u00e9lut\u00e1nnak, hogy munkat\u00e1rsaink saj\u00e1t k\u00e9sz\u00edt\u00e9s\u0171, otthonr\u00f3l hozott s\u00fctem\u00e9nyekkel kedveskedtek az ell\u00e1tottaknak, kifejezve ezzel szem\u00e9lyes t\u00f6r\u0151d\u00e9s\u00fcket \u00e9s odaad\u00e1sukat. A vend\u00e9gl\u00e1t\u00e1st egy sz\u00ednvonalas kar\u00e1csonyi m\u0171sor tette teljess\u00e9, melynek keret\u00e9ben elhangzott \u00fcnnepi versek seg\u00edtett\u00e9k az elcsendesed\u00e9st \u00e9s a l\u00e9lek felemel\u00e9s\u00e9t.<\/p><p class=\"v1Alaprtelmezett\">Egy ilyen rendezv\u00e9ny sikere az \u00f6sszefog\u00e1son alapul, ez\u00e9rt h\u00e1l\u00e1s sz\u00edvvel k\u00f6sz\u00f6nj\u00fck t\u00e1mogat\u00f3ink \u00f6nzetlen seg\u00edts\u00e9g\u00e9t. Az \u00fcnnepi asztalra a Dupla-P\u00e9k K\u00e9zm\u0171ves P\u00e9ks\u00e9g biztos\u00edtotta a kiv\u00e1l\u00f3 min\u0151s\u00e9g\u0171 p\u00e9k\u00e1rukat \u00e9s kal\u00e1csokat. K\u00f6sz\u00f6net\u00fcnket fejezz\u00fck ki a Magyar\u00f3v\u00e1ri Katolikus Karit\u00e1sznak a figyelem\u00e9rt \u00e9s a t\u00e1mogat\u00e1s\u00e9rt, valamint az AQUA Szolg\u00e1ltat\u00f3 Kft.-nek, akik hozz\u00e1j\u00e1rultak az esem\u00e9ny megval\u00f3s\u00edt\u00e1s\u00e1hoz. Emellett k\u00fcl\u00f6n h\u00e1l\u00e1val tartozunk azon mag\u00e1nszem\u00e9lyeknek, akik n\u00e9vtelen adom\u00e1nyaikkal seg\u00edtettek abban, hogy minden ell\u00e1tottunk \u00e9rezhesse a kar\u00e1csony gondoskod\u00f3 szeretet\u00e9t.<\/p>\t\t\t\t\t\t\t\t<\/div>\n\t\t\t\t<\/div>\n\t\t\t\t<div class=\"elementor-element elementor-element-bed37fe elementor-widget elementor-widget-image-gallery\" data-id=\"bed37fe\" data-element_type=\"widget\" data-e-type=\"widget\" data-widget_type=\"image-gallery.default\">\n\t\t\t\t<div class=\"elementor-widget-container\">\n\t\t\t\t\t\t\t<div class=\"elementor-image-gallery\">\n\t\t\t<div id='gallery-1' class='gallery galleryid-15349 gallery-columns-4 gallery-size-medium'><figure class='gallery-item'>\n\t\t\t<div class='gallery-icon landscape'>\n\t\t\t\t<a data-elementor-open-lightbox=\"yes\" data-elementor-lightbox-slideshow=\"bed37fe\" data-elementor-lightbox-title=\"1000003205\" data-e-action-hash=\"#elementor-action%3Aaction%3Dlightbox%26settings%3DeyJpZCI6MTUzNTUsInVybCI6Imh0dHA6XC9cL2tlc3ppLmh1XC93cC1jb250ZW50XC91cGxvYWRzXC8yMDI2XC8wMVwvMTAwMDAwMzIwNS5qcGciLCJzbGlkZXNob3ciOiJiZWQzN2ZlIn0%3D\" href='http:\/\/keszi.hu\/wp-content\/uploads\/2026\/01\/1000003205.jpg'><img fetchpriority=\"high\" decoding=\"async\" width=\"300\" height=\"225\" src=\"http:\/\/keszi.hu\/wp-content\/uploads\/2026\/01\/1000003205-300x225.jpg\" class=\"attachment-medium size-medium\" alt=\"\" srcset=\"http:\/\/keszi.hu\/wp-content\/uploads\/2026\/01\/1000003205-300x225.jpg 300w, http:\/\/keszi.hu\/wp-content\/uploads\/2026\/01\/1000003205-1024x768.jpg 1024w, http:\/\/keszi.hu\/wp-content\/uploads\/2026\/01\/1000003205-768x576.jpg 768w, http:\/\/keszi.hu\/wp-content\/uploads\/2026\/01\/1000003205-1536x1152.jpg 1536w, http:\/\/keszi.hu\/wp-content\/uploads\/2026\/01\/1000003205.jpg 2048w\" sizes=\"(max-width: 300px) 100vw, 300px\" \/><\/a>\n\t\t\t<\/div><\/figure><figure class='gallery-item'>\n\t\t\t<div class='gallery-icon landscape'>\n\t\t\t\t<a data-elementor-open-lightbox=\"yes\" data-elementor-lightbox-slideshow=\"bed37fe\" data-elementor-lightbox-title=\"1000003213\" data-e-action-hash=\"#elementor-action%3Aaction%3Dlightbox%26settings%3DeyJpZCI6MTUzNTQsInVybCI6Imh0dHA6XC9cL2tlc3ppLmh1XC93cC1jb250ZW50XC91cGxvYWRzXC8yMDI2XC8wMVwvMTAwMDAwMzIxMy5qcGciLCJzbGlkZXNob3ciOiJiZWQzN2ZlIn0%3D\" href='http:\/\/keszi.hu\/wp-content\/uploads\/2026\/01\/1000003213.jpg'><img decoding=\"async\" width=\"300\" height=\"225\" src=\"http:\/\/keszi.hu\/wp-content\/uploads\/2026\/01\/1000003213-300x225.jpg\" class=\"attachment-medium size-medium\" alt=\"\" srcset=\"http:\/\/keszi.hu\/wp-content\/uploads\/2026\/01\/1000003213-300x225.jpg 300w, http:\/\/keszi.hu\/wp-content\/uploads\/2026\/01\/1000003213-1024x768.jpg 1024w, http:\/\/keszi.hu\/wp-content\/uploads\/2026\/01\/1000003213-768x576.jpg 768w, http:\/\/keszi.hu\/wp-content\/uploads\/2026\/01\/1000003213-1536x1152.jpg 1536w, http:\/\/keszi.hu\/wp-content\/uploads\/2026\/01\/1000003213.jpg 2048w\" sizes=\"(max-width: 300px) 100vw, 300px\" \/><\/a>\n\t\t\t<\/div><\/figure><figure class='gallery-item'>\n\t\t\t<div class='gallery-icon landscape'>\n\t\t\t\t<a data-elementor-open-lightbox=\"yes\" data-elementor-lightbox-slideshow=\"bed37fe\" data-elementor-lightbox-title=\"1000003215\" data-e-action-hash=\"#elementor-action%3Aaction%3Dlightbox%26settings%3DeyJpZCI6MTUzNTMsInVybCI6Imh0dHA6XC9cL2tlc3ppLmh1XC93cC1jb250ZW50XC91cGxvYWRzXC8yMDI2XC8wMVwvMTAwMDAwMzIxNS5qcGciLCJzbGlkZXNob3ciOiJiZWQzN2ZlIn0%3D\" href='http:\/\/keszi.hu\/wp-content\/uploads\/2026\/01\/1000003215.jpg'><img decoding=\"async\" width=\"300\" height=\"225\" src=\"http:\/\/keszi.hu\/wp-content\/uploads\/2026\/01\/1000003215-300x225.jpg\" class=\"attachment-medium size-medium\" alt=\"\" srcset=\"http:\/\/keszi.hu\/wp-content\/uploads\/2026\/01\/1000003215-300x225.jpg 300w, http:\/\/keszi.hu\/wp-content\/uploads\/2026\/01\/1000003215-1024x768.jpg 1024w, http:\/\/keszi.hu\/wp-content\/uploads\/2026\/01\/1000003215-768x576.jpg 768w, http:\/\/keszi.hu\/wp-content\/uploads\/2026\/01\/1000003215-1536x1152.jpg 1536w, http:\/\/keszi.hu\/wp-content\/uploads\/2026\/01\/1000003215.jpg 2048w\" sizes=\"(max-width: 300px) 100vw, 300px\" \/><\/a>\n\t\t\t<\/div><\/figure><figure class='gallery-item'>\n\t\t\t<div class='gallery-icon landscape'>\n\t\t\t\t<a data-elementor-open-lightbox=\"yes\" data-elementor-lightbox-slideshow=\"bed37fe\" data-elementor-lightbox-title=\"1000003214\" data-e-action-hash=\"#elementor-action%3Aaction%3Dlightbox%26settings%3DeyJpZCI6MTUzNTIsInVybCI6Imh0dHA6XC9cL2tlc3ppLmh1XC93cC1jb250ZW50XC91cGxvYWRzXC8yMDI2XC8wMVwvMTAwMDAwMzIxNC5qcGciLCJzbGlkZXNob3ciOiJiZWQzN2ZlIn0%3D\" href='http:\/\/keszi.hu\/wp-content\/uploads\/2026\/01\/1000003214.jpg'><img loading=\"lazy\" decoding=\"async\" width=\"300\" height=\"225\" src=\"http:\/\/keszi.hu\/wp-content\/uploads\/2026\/01\/1000003214-300x225.jpg\" class=\"attachment-medium size-medium\" alt=\"\" srcset=\"http:\/\/keszi.hu\/wp-content\/uploads\/2026\/01\/1000003214-300x225.jpg 300w, http:\/\/keszi.hu\/wp-content\/uploads\/2026\/01\/1000003214-1024x768.jpg 1024w, http:\/\/keszi.hu\/wp-content\/uploads\/2026\/01\/1000003214-768x576.jpg 768w, http:\/\/keszi.hu\/wp-content\/uploads\/2026\/01\/1000003214-1536x1152.jpg 1536w, http:\/\/keszi.hu\/wp-content\/uploads\/2026\/01\/1000003214.jpg 2048w\" sizes=\"(max-width: 300px) 100vw, 300px\" \/><\/a>\n\t\t\t<\/div><\/figure>\n\t\t<\/div>\n\t\t<\/div>\n\t\t\t\t\t\t<\/div>\n\t\t\t\t<\/div>\n\t\t\t\t\t<\/div>\n\t\t\t\t<\/div>\n\t\t\t\t<\/div>\n\t\t","protected":false},"excerpt":{"rendered":"<p>Az idei adventi id\u0151szakban is kiemelt figyelmet ford\u00edtottunk arra, hogy a Hajl\u00e9ktalanokat Ell\u00e1t\u00f3 Szolg\u00e1lat falai k\u00f6z\u00e9 is bek\u00f6lt\u00f6zz\u00f6n&#8230;<\/p>\n","protected":false},"author":3,"featured_media":15351,"comment_status":"closed","ping_status":"closed","sticky":false,"template":"","format":"link","meta":{"_tbt_post_transparent":"","_tbt_post_title":"","_tbt_post_layout":"","_tbt_post_sidebar_id":"","_tbt_post_content_style":"","_tbt_post_vertical_padding":"","_tbt_post_feature":"","_tbt_post_feature_position":"","_tbt_post_header":false,"_tbt_post_footer":false},"categories":[1,72,18],"tags":[],"class_list":["post-15349","post","type-post","status-publish","format-link","has-post-thumbnail","hentry","category-egyeb","category-hajlektalanellatas","category-media","post_format-post-format-link"],"_links":{"self":[{"href":"http:\/\/keszi.hu\/index.php\/wp-json\/wp\/v2\/posts\/15349","targetHints":{"allow":["GET"]}}],"collection":[{"href":"http:\/\/keszi.hu\/index.php\/wp-json\/wp\/v2\/posts"}],"about":[{"href":"http:\/\/keszi.hu\/index.php\/wp-json\/wp\/v2\/types\/post"}],"author":[{"embeddable":true,"href":"http:\/\/keszi.hu\/index.php\/wp-json\/wp\/v2\/users\/3"}],"replies":[{"embeddable":true,"href":"http:\/\/keszi.hu\/index.php\/wp-json\/wp\/v2\/comments?post=15349"}],"version-history":[{"count":4,"href":"http:\/\/keszi.hu\/index.php\/wp-json\/wp\/v2\/posts\/15349\/revisions"}],"predecessor-version":[{"id":15358,"href":"http:\/\/keszi.hu\/index.php\/wp-json\/wp\/v2\/posts\/15349\/revisions\/15358"}],"wp:featuredmedia":[{"embeddable":true,"href":"http:\/\/keszi.hu\/index.php\/wp-json\/wp\/v2\/media\/15351"}],"wp:attachment":[{"href":"http:\/\/keszi.hu\/index.php\/wp-json\/wp\/v2\/media?parent=15349"}],"wp:term":[{"taxonomy":"category","embeddable":true,"href":"http:\/\/keszi.hu\/index.php\/wp-json\/wp\/v2\/categories?post=15349"},{"taxonomy":"post_tag","embeddable":true,"href":"http:\/\/keszi.hu\/index.php\/wp-json\/wp\/v2\/tags?post=15349"}],"curies":[{"name":"wp","href":"https:\/\/api.w.org\/{rel}","templated":true}]}}